{"id":3819,"date":"2023-08-16T22:07:00","date_gmt":"2023-08-17T02:07:00","guid":{"rendered":"https:\/\/www.adlerguerrier.com\/studio\/?p=3819"},"modified":"2023-08-16T16:08:03","modified_gmt":"2023-08-16T20:08:03","slug":"untitled-field-guide-an-ordering-of-imaginaries-into-new-geographies-perceived-in-the-present-2","status":"publish","type":"post","link":"https:\/\/www.adlerguerrier.com\/studio\/untitled-field-guide-an-ordering-of-imaginaries-into-new-geographies-perceived-in-the-present-2\/","title":{"rendered":"Untitled (Field Guide\u2013an ordering of imaginaries into new geographies perceived in the present)~"},"content":{"rendered":"\n<figure class=\"wp-block-image size-large\"><a href=\"https:\/\/blckmsk.files.wordpress.com\/2023\/08\/367433431_595421539211000_8441713140551056975_n.jpg\"><img decoding=\"async\" src=\"https:\/\/blckmsk.files.wordpress.com\/2023\/08\/367433431_595421539211000_8441713140551056975_n.jpg\" alt=\"\"\/><\/a><\/figure>\n\n\n\n<figure class=\"wp-block-image size-large\"><a href=\"https:\/\/blckmsk.files.wordpress.com\/2023\/08\/367973272_854714789404559_8146539277701665400_n.jpg\"><img decoding=\"async\" src=\"https:\/\/blckmsk.files.wordpress.com\/2023\/08\/367973272_854714789404559_8146539277701665400_n.jpg\" alt=\"\"\/><\/a><\/figure>\n\n\n\n<figure class=\"wp-block-image size-large\"><a href=\"https:\/\/blckmsk.files.wordpress.com\/2023\/08\/367984578_839009657587014_8004949796306233727_n.jpg\"><img decoding=\"async\" src=\"https:\/\/blckmsk.files.wordpress.com\/2023\/08\/367984578_839009657587014_8004949796306233727_n.jpg\" alt=\"\"\/><\/a><\/figure>\n\n\n\n<figure class=\"wp-block-image size-large\"><a href=\"https:\/\/blckmsk.files.wordpress.com\/2023\/08\/367657914_676632330985731_5935312790231006993_n.jpg\"><img decoding=\"async\" src=\"https:\/\/blckmsk.files.wordpress.com\/2023\/08\/367657914_676632330985731_5935312790231006993_n.jpg\" alt=\"\"\/><\/a><\/figure>\n\n\n\n<p>Untitled (Field Guide\u2013an ordering of imaginaries into new geographies perceived in the present), 2023.<br>Colored pencil, enamel paint, and print on vinyl. 76.2 x 55.88 cm \u2013 30 x 22 inches. <\/p>\n\n\n\n<p>Featured in <em>beb\u00ed palabras sumergidas en sue\u00f1os<\/em> (<em>I drank words submerged in dreams<\/em>), <a href=\"https:\/\/bienaldeartepaiz.org\/bienal\/\">23rd Bienal de Arte Paiz, Guatemala<\/a>, July 13 through 30, 2023, curated by Francine Birbragher-Rozencwaig and Juan Canela.<\/p>\n\n\n\n<figure class=\"wp-block-image size-large\"><a href=\"https:\/\/blckmsk.files.wordpress.com\/2023\/08\/368083069_818567409676149_2129348412740179228_n.jpg\"><img decoding=\"async\" src=\"https:\/\/blckmsk.files.wordpress.com\/2023\/08\/368083069_818567409676149_2129348412740179228_n.jpg\" alt=\"\"\/><\/a><\/figure>\n\n\n\n<p>Registro fotogr\u00e1fico: direcci\u00f3n de arte, Karen Bethancourt; producci\u00f3n, Byron M\u00e1rmol. Cortes\u00eda de Fundaci\u00f3n Paiz<\/p>\n","protected":false},"excerpt":{"rendered":"<p>Untitled (Field Guide\u2013an ordering of imaginaries into new geographies perceived in the present), 2023.Colored pencil, enamel paint, and print on vinyl. 76.2 x 55.88 cm \u2013 30 x 22 inches. Featured in beb\u00ed palabras sumergidas en sue\u00f1os (I drank words submerged in dreams), 23rd Bienal de Arte Paiz, Guatemala, July 13 through 30, 2023, curated [&hellip;]<\/p>\n","protected":false},"author":1,"featured_media":3820,"comment_status":"closed","ping_status":"open","sticky":false,"template":"","format":"standard","meta":{"advanced_seo_description":"","jetpack_seo_html_title":"","jetpack_seo_noindex":false,"jetpack_post_was_ever_published":false,"_jetpack_newsletter_access":"","_jetpack_dont_email_post_to_subs":false,"_jetpack_newsletter_tier_id":0,"_jetpack_memberships_contains_paywalled_content":false,"fifu_image_url":"https:\/\/blckmsk.files.wordpress.com\/2023\/08\/367433431_595421539211000_8441713140551056975_n.jpg","fifu_image_alt":"Untitled (Field Guide\u2013an ordering of imaginaries into new geographies perceived in the present)~","_jetpack_memberships_contains_paid_content":false,"footnotes":"","jetpack_publicize_message":"","jetpack_publicize_feature_enabled":true,"jetpack_social_post_already_shared":true,"jetpack_social_options":{"image_generator_settings":{"template":"highway","default_image_id":0,"font":"","enabled":false},"version":2}},"categories":[104,22],"tags":[110,109],"class_list":["post-3819","post","type-post","status-publish","format-standard","has-post-thumbnail","hentry","category-104","category-installation","tag-bienal-de-arte-paiz","tag-guatemala"],"jetpack_publicize_connections":[],"jetpack_featured_media_url":"https:\/\/blckmsk.files.wordpress.com\/2023\/08\/367433431_595421539211000_8441713140551056975_n.jpg","jetpack_shortlink":"https:\/\/wp.me\/p5jtdU-ZB","jetpack_sharing_enabled":true,"_links":{"self":[{"href":"https:\/\/www.adlerguerrier.com\/studio\/wp-json\/wp\/v2\/posts\/3819","targetHints":{"allow":["GET"]}}],"collection":[{"href":"https:\/\/www.adlerguerrier.com\/studio\/wp-json\/wp\/v2\/posts"}],"about":[{"href":"https:\/\/www.adlerguerrier.com\/studio\/wp-json\/wp\/v2\/types\/post"}],"author":[{"embeddable":true,"href":"https:\/\/www.adlerguerrier.com\/studio\/wp-json\/wp\/v2\/users\/1"}],"replies":[{"embeddable":true,"href":"https:\/\/www.adlerguerrier.com\/studio\/wp-json\/wp\/v2\/comments?post=3819"}],"version-history":[{"count":1,"href":"https:\/\/www.adlerguerrier.com\/studio\/wp-json\/wp\/v2\/posts\/3819\/revisions"}],"predecessor-version":[{"id":3821,"href":"https:\/\/www.adlerguerrier.com\/studio\/wp-json\/wp\/v2\/posts\/3819\/revisions\/3821"}],"wp:featuredmedia":[{"embeddable":true,"href":"https:\/\/www.adlerguerrier.com\/studio\/wp-json\/wp\/v2\/media\/3820"}],"wp:attachment":[{"href":"https:\/\/www.adlerguerrier.com\/studio\/wp-json\/wp\/v2\/media?parent=3819"}],"wp:term":[{"taxonomy":"category","embeddable":true,"href":"https:\/\/www.adlerguerrier.com\/studio\/wp-json\/wp\/v2\/categories?post=3819"},{"taxonomy":"post_tag","embeddable":true,"href":"https:\/\/www.adlerguerrier.com\/studio\/wp-json\/wp\/v2\/tags?post=3819"}],"curies":[{"name":"wp","href":"https:\/\/api.w.org\/{rel}","templated":true}]}}